{"id":95562,"date":"2026-03-17T13:05:56","date_gmt":"2026-03-17T13:05:56","guid":{"rendered":"https:\/\/jr1.com.br\/shopping\/2026\/03\/17\/sebastian-professional-form-forte-gel-fixador-200ml\/"},"modified":"2026-03-17T13:05:56","modified_gmt":"2026-03-17T13:05:56","slug":"sebastian-professional-form-forte-gel-fixador-200ml","status":"publish","type":"post","link":"https:\/\/jr1.com.br\/shopping\/2026\/03\/17\/sebastian-professional-form-forte-gel-fixador-200ml\/","title":{"rendered":"Sebastian Professional Form Forte &#8211; Gel Fixador 200ml"},"content":{"rendered":"<h2>Sa\u00fade e beleza > Cuidados pessoais > Cuidados com os cabelos<\/h2>\n<h3>O pre\u00e7o de Sebastian Professional Form Forte &#8211; Gel Fixador 200ml no dia acima especificado era de <strong>R$ 204.90<\/strong>.<\/h3>\n<p>Confira o pre\u00e7o atual aqui: <a href=\"https:\/\/www.awin1.com\/pclick.php?p=40666764021&#038;a=690303&#038;m=62481\" rel=\"noopener sponsored\"><img decoding=\"async\" src=\"https:\/\/ui.awin.com\/images\/upload\/merchant\/profile\/62481.png\" alt=\"Sebastian Professional Form Forte - Gel Fixador 200ml\" \/> &#8211; nas lojas Beleza na Web PRO BR<\/a><\/p>\n<p><img decoding=\"async\" src=\"https:\/\/res.cloudinary.com\/beleza-na-web\/image\/upload\/w_1500\/f_auto\/fl_progressive\/q_auto:best\/v1\/imagens\/5\/sebastian-form-gel-forte-finalizador-200ml-3978.jpg\" alt=\"Sebastian Professional Form Forte - Gel Fixador 200ml\" \/><br \/>\nGel fixador forte indicado para todos os tipos de cabelos . Ele proporciona fixa\u00e7\u00e3o forte sem deixar os fios r\u00edgidos e pegajosos. O Gel Forte da Sebastian modela enquanto doa textura e brilho perolado aos cabelos!<\/p>\n<h4>Aproveite e pesquise o pre\u00e7o deste produto em dezenas de lojas dos marketplaces abaixo:<\/h4>\n<p><a href=\"https:\/\/www.magazinevoce.com.br\/magazineezu\/busca\/Sebastian Professional Form Forte - Gel Fixador 200ml\/\" target=\"_blank\" rel=\"noopener\"><img decoding=\"async\" src=\"https:\/\/mvc.mlcdn.com.br\/ad\/2503_superofertas.png\" alt=\"Pesquise no Magazine eZu\" \/> &#8211; da Parceria MAGALU<\/a>.<\/p>\n<p>Ainda n\u00e3o encontrou a melhor op\u00e7\u00e3o de compra? Oferecemos mais uma possibilidade de <strong>busca<\/strong> mais ampla para <a href=\"https:\/\/ecompare.com.br\/lojas\/resultados-da-pesquisa\/?q=Sebastian Professional Form Forte - Gel Fixador 200ml#gsc.tab=0&amp;gsc.q=Sebastian Professional Form Forte - Gel Fixador 200ml&amp;gsc.page=1\" target=\"_blank\" rel=\"noopener\">Sebastian Professional Form Forte &#8211; Gel Fixador 200ml, clique e continue <strong>pesquisando&#8230;<\/strong><\/a><\/p>\n<hr \/>\n","protected":false},"excerpt":{"rendered":"<p>R$ 204.90 nas lojas <a href=\"https:\/\/www.awin1.com\/pclick.php?p=40666764021&#038;a=690303&#038;m=62481\" target=\"_blank\" rel=\"sponsored\">Beleza na Web PRO BR<\/a><\/p>\n","protected":false},"author":1,"featured_media":0,"comment_status":"closed","ping_status":"closed","sticky":false,"template":"","format":"standard","meta":{"footnotes":""},"categories":[2],"tags":[2500,2949],"class_list":["post-95562","post","type-post","status-publish","format-standard","hentry","category-produtos","tag-204-90","tag-beleza-na-web-pro-br"],"_links":{"self":[{"href":"https:\/\/jr1.com.br\/shopping\/wp-json\/wp\/v2\/posts\/95562","targetHints":{"allow":["GET"]}}],"collection":[{"href":"https:\/\/jr1.com.br\/shopping\/wp-json\/wp\/v2\/posts"}],"about":[{"href":"https:\/\/jr1.com.br\/shopping\/wp-json\/wp\/v2\/types\/post"}],"author":[{"embeddable":true,"href":"https:\/\/jr1.com.br\/shopping\/wp-json\/wp\/v2\/users\/1"}],"replies":[{"embeddable":true,"href":"https:\/\/jr1.com.br\/shopping\/wp-json\/wp\/v2\/comments?post=95562"}],"version-history":[{"count":0,"href":"https:\/\/jr1.com.br\/shopping\/wp-json\/wp\/v2\/posts\/95562\/revisions"}],"wp:attachment":[{"href":"https:\/\/jr1.com.br\/shopping\/wp-json\/wp\/v2\/media?parent=95562"}],"wp:term":[{"taxonomy":"category","embeddable":true,"href":"https:\/\/jr1.com.br\/shopping\/wp-json\/wp\/v2\/categories?post=95562"},{"taxonomy":"post_tag","embeddable":true,"href":"https:\/\/jr1.com.br\/shopping\/wp-json\/wp\/v2\/tags?post=95562"}],"curies":[{"name":"wp","href":"https:\/\/api.w.org\/{rel}","templated":true}]}}