{"id":96615,"date":"2026-03-12T00:45:56","date_gmt":"2026-03-12T00:45:56","guid":{"rendered":"https:\/\/jr1.com.br\/shopping\/2026\/03\/12\/schwarzkopf-professional-blondme-keratin-restore-mascara-capilar-150ml\/"},"modified":"2026-03-12T00:45:56","modified_gmt":"2026-03-12T00:45:56","slug":"schwarzkopf-professional-blondme-keratin-restore-mascara-capilar-150ml","status":"publish","type":"post","link":"https:\/\/jr1.com.br\/shopping\/2026\/03\/12\/schwarzkopf-professional-blondme-keratin-restore-mascara-capilar-150ml\/","title":{"rendered":"Schwarzkopf Professional BlondMe Keratin Restore &#8211; M\u00e1scara Capilar 150ml"},"content":{"rendered":"<h2>Sa\u00fade e beleza > Cuidados pessoais > Cuidados com os cabelos<\/h2>\n<h3>O pre\u00e7o de Schwarzkopf Professional BlondMe Keratin Restore &#8211; M\u00e1scara Capilar 150ml no dia acima especificado era de <strong>R$ 196.90<\/strong>.<\/h3>\n<p>Confira o pre\u00e7o atual aqui: <a href=\"https:\/\/www.awin1.com\/pclick.php?p=40666765434&#038;a=690303&#038;m=62481\" rel=\"noopener sponsored\"><img decoding=\"async\" src=\"https:\/\/ui.awin.com\/images\/upload\/merchant\/profile\/62481.png\" alt=\"Schwarzkopf Professional BlondMe Keratin Restore - M\u00e1scara Capilar 150ml\" \/> &#8211; nas lojas Beleza na Web PRO BR<\/a><\/p>\n<p><img decoding=\"async\" src=\"https:\/\/res.cloudinary.com\/beleza-na-web\/image\/upload\/w_1500\/f_auto\/fl_progressive\/q_auto:best\/v1\/imagens\/5\/schwarzkopf-professional-blondme-keratin-restore-tratamento-150ml-46067-5148254743774083073.png\" alt=\"Schwarzkopf Professional BlondMe Keratin Restore - M\u00e1scara Capilar 150ml\" \/><br \/>\nM\u00e1scara para cabelos loiros. Schwarzkopf Professional BlondMe Keratin Restore intensifica a reconstru\u00e7\u00e3o das pontes estruturais com maciez aos fios. M\u00e1scara Schwarzkopf Professional BlondMe Keratin Restore amplia a repara\u00e7\u00e3o feita pela m\u00e1scara com um tratamento ainda mais profundo e eficaz aos fios clareados. A linha BlondMe , da Schwarzkopf Professional , atende a todas as necessidades dos diversos tipos de cabelos loiros para oferecer um cuidado especial e manter o resultado deslumbrante. Apresenta uma gama de produtos feitos sob medida para a nutri\u00e7\u00e3o, manuten\u00e7\u00e3o e refrescamento dos cabelos loiros. Encontre aqui os produtos da linha BlondMe .<\/p>\n<h4>Aproveite e pesquise o pre\u00e7o deste produto em dezenas de lojas dos marketplaces abaixo:<\/h4>\n<p><a href=\"https:\/\/www.magazinevoce.com.br\/magazineezu\/busca\/Schwarzkopf Professional BlondMe Keratin Restore - M\u00e1scara Capilar 150ml\/\" target=\"_blank\" rel=\"noopener\"><img decoding=\"async\" src=\"https:\/\/mvc.mlcdn.com.br\/ad\/2503_superofertas.png\" alt=\"Pesquise no Magazine eZu\" \/> &#8211; da Parceria MAGALU<\/a>.<\/p>\n<p>Ainda n\u00e3o encontrou a melhor op\u00e7\u00e3o de compra? Oferecemos mais uma possibilidade de <strong>busca<\/strong> mais ampla para <a href=\"https:\/\/ecompare.com.br\/lojas\/resultados-da-pesquisa\/?q=Schwarzkopf Professional BlondMe Keratin Restore - M\u00e1scara Capilar 150ml#gsc.tab=0&amp;gsc.q=Schwarzkopf Professional BlondMe Keratin Restore - M\u00e1scara Capilar 150ml&amp;gsc.page=1\" target=\"_blank\" rel=\"noopener\">Schwarzkopf Professional BlondMe Keratin Restore &#8211; M\u00e1scara Capilar 150ml, clique e continue <strong>pesquisando&#8230;<\/strong><\/a><\/p>\n<hr \/>\n","protected":false},"excerpt":{"rendered":"<p>R$ 196.90 nas lojas <a href=\"https:\/\/www.awin1.com\/pclick.php?p=40666765434&#038;a=690303&#038;m=62481\" target=\"_blank\" rel=\"sponsored\">Beleza na Web PRO BR<\/a><\/p>\n","protected":false},"author":1,"featured_media":0,"comment_status":"closed","ping_status":"closed","sticky":false,"template":"","format":"standard","meta":{"footnotes":""},"categories":[2],"tags":[1872,2949],"class_list":["post-96615","post","type-post","status-publish","format-standard","hentry","category-produtos","tag-196-90","tag-beleza-na-web-pro-br"],"_links":{"self":[{"href":"https:\/\/jr1.com.br\/shopping\/wp-json\/wp\/v2\/posts\/96615","targetHints":{"allow":["GET"]}}],"collection":[{"href":"https:\/\/jr1.com.br\/shopping\/wp-json\/wp\/v2\/posts"}],"about":[{"href":"https:\/\/jr1.com.br\/shopping\/wp-json\/wp\/v2\/types\/post"}],"author":[{"embeddable":true,"href":"https:\/\/jr1.com.br\/shopping\/wp-json\/wp\/v2\/users\/1"}],"replies":[{"embeddable":true,"href":"https:\/\/jr1.com.br\/shopping\/wp-json\/wp\/v2\/comments?post=96615"}],"version-history":[{"count":0,"href":"https:\/\/jr1.com.br\/shopping\/wp-json\/wp\/v2\/posts\/96615\/revisions"}],"wp:attachment":[{"href":"https:\/\/jr1.com.br\/shopping\/wp-json\/wp\/v2\/media?parent=96615"}],"wp:term":[{"taxonomy":"category","embeddable":true,"href":"https:\/\/jr1.com.br\/shopping\/wp-json\/wp\/v2\/categories?post=96615"},{"taxonomy":"post_tag","embeddable":true,"href":"https:\/\/jr1.com.br\/shopping\/wp-json\/wp\/v2\/tags?post=96615"}],"curies":[{"name":"wp","href":"https:\/\/api.w.org\/{rel}","templated":true}]}}