{"id":97355,"date":"2026-03-17T08:49:19","date_gmt":"2026-03-17T08:49:19","guid":{"rendered":"https:\/\/jr1.com.br\/shopping\/2026\/03\/17\/la-roche-posay-effaclar-bb-blur-fps25-media-po-compacto-95g\/"},"modified":"2026-03-17T08:49:19","modified_gmt":"2026-03-17T08:49:19","slug":"la-roche-posay-effaclar-bb-blur-fps25-media-po-compacto-95g","status":"publish","type":"post","link":"https:\/\/jr1.com.br\/shopping\/2026\/03\/17\/la-roche-posay-effaclar-bb-blur-fps25-media-po-compacto-95g\/","title":{"rendered":"La Roche-Posay Effaclar BB Blur FPS25 M\u00e9dia &#8211; P\u00f3 Compacto 9,5g"},"content":{"rendered":"<h2>Sa\u00fade e beleza > Cuidados pessoais > Cosm\u00e9ticos > Maquiagem > Maquiagem para o rosto > P\u00f3 facial<\/h2>\n<h3>O pre\u00e7o de La Roche-Posay Effaclar BB Blur FPS25 M\u00e9dia &#8211; P\u00f3 Compacto 9,5g no dia acima especificado era de <strong>R$ 236.90<\/strong>.<\/h3>\n<p>Confira o pre\u00e7o atual aqui: <a href=\"https:\/\/www.awin1.com\/pclick.php?p=40666766098&#038;a=690303&#038;m=62481\" rel=\"noopener sponsored\"><img decoding=\"async\" src=\"https:\/\/ui.awin.com\/images\/upload\/merchant\/profile\/62481.png\" alt=\"La Roche-Posay Effaclar BB Blur FPS25 M\u00e9dia - P\u00f3 Compacto 9,5g\" \/> &#8211; nas lojas Beleza na Web PRO BR<\/a><\/p>\n<p><img decoding=\"async\" src=\"https:\/\/res.cloudinary.com\/beleza-na-web\/image\/upload\/w_1500\/f_auto\/fl_progressive\/q_auto:best\/v1\/imagens\/product\/48727\/04da325a-b876-406b-9e86-dd36f9d1ea63-la-roche-posay-effaclar-bb-blur-fps25-media-po-compacto-95g.png\" alt=\"La Roche-Posay Effaclar BB Blur FPS25 M\u00e9dia - P\u00f3 Compacto 9,5g\" \/><br \/>\nP\u00f3 compacto com acabamento matte para peles mistas ou oleosas. La Roche-Posay Effaclar BB Blur uniformiza a cor com cobertura natural gra\u00e7as aos seus micropigmentos minerais de longa dura\u00e7\u00e3o. P\u00f3 Compacto La Roche-Posay Effaclar BB Blur promove um efeito blur, disfarce \u00f3ptico que reflete a luz, enquanto controla a oleosidade sem obstruir os poros. Sua f\u00f3rmula tamb\u00e9m protege dos raios UV e melhora a qualidade da pele com o aprimoramento progressivo da textura, da apar\u00eancia dos poros e da suavidade em 4 semanas de uso. Ou seja, voc\u00ea trata e transforma a superf\u00edcie do seu rosto com apenas um produto!<\/p>\n<h4>Aproveite e pesquise o pre\u00e7o deste produto em dezenas de lojas dos marketplaces abaixo:<\/h4>\n<p><a href=\"https:\/\/www.magazinevoce.com.br\/magazineezu\/busca\/La Roche-Posay Effaclar BB Blur FPS25 M\u00e9dia - P\u00f3 Compacto 9,5g\/\" target=\"_blank\" rel=\"noopener\"><img decoding=\"async\" src=\"https:\/\/mvc.mlcdn.com.br\/ad\/2503_superofertas.png\" alt=\"Pesquise no Magazine eZu\" \/> &#8211; da Parceria MAGALU<\/a>.<\/p>\n<p>Ainda n\u00e3o encontrou a melhor op\u00e7\u00e3o de compra? Oferecemos mais uma possibilidade de <strong>busca<\/strong> mais ampla para <a href=\"https:\/\/ecompare.com.br\/lojas\/resultados-da-pesquisa\/?q=La Roche-Posay Effaclar BB Blur FPS25 M\u00e9dia - P\u00f3 Compacto 9,5g#gsc.tab=0&amp;gsc.q=La Roche-Posay Effaclar BB Blur FPS25 M\u00e9dia - P\u00f3 Compacto 9,5g&amp;gsc.page=1\" target=\"_blank\" rel=\"noopener\">La Roche-Posay Effaclar BB Blur FPS25 M\u00e9dia &#8211; P\u00f3 Compacto 9,5g, clique e continue <strong>pesquisando&#8230;<\/strong><\/a><\/p>\n<hr \/>\n","protected":false},"excerpt":{"rendered":"<p>R$ 236.90 nas lojas <a href=\"https:\/\/www.awin1.com\/pclick.php?p=40666766098&#038;a=690303&#038;m=62481\" target=\"_blank\" rel=\"sponsored\">Beleza na Web PRO BR<\/a><\/p>\n","protected":false},"author":1,"featured_media":0,"comment_status":"closed","ping_status":"closed","sticky":false,"template":"","format":"standard","meta":{"footnotes":""},"categories":[2],"tags":[1979,2949],"class_list":["post-97355","post","type-post","status-publish","format-standard","hentry","category-produtos","tag-236-90","tag-beleza-na-web-pro-br"],"_links":{"self":[{"href":"https:\/\/jr1.com.br\/shopping\/wp-json\/wp\/v2\/posts\/97355","targetHints":{"allow":["GET"]}}],"collection":[{"href":"https:\/\/jr1.com.br\/shopping\/wp-json\/wp\/v2\/posts"}],"about":[{"href":"https:\/\/jr1.com.br\/shopping\/wp-json\/wp\/v2\/types\/post"}],"author":[{"embeddable":true,"href":"https:\/\/jr1.com.br\/shopping\/wp-json\/wp\/v2\/users\/1"}],"replies":[{"embeddable":true,"href":"https:\/\/jr1.com.br\/shopping\/wp-json\/wp\/v2\/comments?post=97355"}],"version-history":[{"count":0,"href":"https:\/\/jr1.com.br\/shopping\/wp-json\/wp\/v2\/posts\/97355\/revisions"}],"wp:attachment":[{"href":"https:\/\/jr1.com.br\/shopping\/wp-json\/wp\/v2\/media?parent=97355"}],"wp:term":[{"taxonomy":"category","embeddable":true,"href":"https:\/\/jr1.com.br\/shopping\/wp-json\/wp\/v2\/categories?post=97355"},{"taxonomy":"post_tag","embeddable":true,"href":"https:\/\/jr1.com.br\/shopping\/wp-json\/wp\/v2\/tags?post=97355"}],"curies":[{"name":"wp","href":"https:\/\/api.w.org\/{rel}","templated":true}]}}