{"id":98003,"date":"2026-03-10T21:01:43","date_gmt":"2026-03-10T21:01:43","guid":{"rendered":"https:\/\/jr1.com.br\/shopping\/2026\/03\/10\/granado-carioca-condicionador-280ml\/"},"modified":"2026-03-10T21:01:43","modified_gmt":"2026-03-10T21:01:43","slug":"granado-carioca-condicionador-280ml","status":"publish","type":"post","link":"https:\/\/jr1.com.br\/shopping\/2026\/03\/10\/granado-carioca-condicionador-280ml\/","title":{"rendered":"Granado Carioca &#8211; Condicionador 280ml"},"content":{"rendered":"<h2>Sa\u00fade e beleza > Cuidados pessoais > Cuidados com os cabelos > Xampu e condicionador<\/h2>\n<h3>O pre\u00e7o de Granado Carioca &#8211; Condicionador 280ml no dia acima especificado era de <strong>R$ 42.90<\/strong>.<\/h3>\n<p>Confira o pre\u00e7o atual aqui: <a href=\"https:\/\/www.awin1.com\/pclick.php?p=40666766758&#038;a=690303&#038;m=62481\" rel=\"noopener sponsored\"><img decoding=\"async\" src=\"https:\/\/ui.awin.com\/images\/upload\/merchant\/profile\/62481.png\" alt=\"Granado Carioca - Condicionador 280ml\" \/> &#8211; nas lojas Beleza na Web PRO BR<\/a><\/p>\n<p><img decoding=\"async\" src=\"https:\/\/res.cloudinary.com\/beleza-na-web\/image\/upload\/w_1500\/f_auto\/fl_progressive\/q_auto:best\/v1\/imagens\/5\/granado-carioca-condicionador-280ml-52231-8419304767949091020.jpg\" alt=\"Granado Carioca - Condicionador 280ml\" \/><br \/>\nCondicionador para todos os tipos de cabelo. Granado Carioca Condicionador hidrata e proporciona brilho intenso e saud\u00e1vel aos fios. Al\u00e9m disso, Granado Carioca Condicionador conta com ativos antifrizz que deixam o cabelo disciplinado e com toque sedoso. Seu aroma delicioso promove uma sensa\u00e7\u00e3o divina de bem-estar. Com ele, voc\u00ea cuida diariamente dos fios para manter sua beleza com sofistica\u00e7\u00e3o e conforto. Livre de corantes, sal e parabenos.<\/p>\n<h4>Aproveite e pesquise o pre\u00e7o deste produto em dezenas de lojas dos marketplaces abaixo:<\/h4>\n<p><a href=\"https:\/\/www.magazinevoce.com.br\/magazineezu\/busca\/Granado Carioca - Condicionador 280ml\/\" target=\"_blank\" rel=\"noopener\"><img decoding=\"async\" src=\"https:\/\/mvc.mlcdn.com.br\/ad\/2503_superofertas.png\" alt=\"Pesquise no Magazine eZu\" \/> &#8211; da Parceria MAGALU<\/a>.<\/p>\n<p>Ainda n\u00e3o encontrou a melhor op\u00e7\u00e3o de compra? Oferecemos mais uma possibilidade de <strong>busca<\/strong> mais ampla para <a href=\"https:\/\/ecompare.com.br\/lojas\/resultados-da-pesquisa\/?q=Granado Carioca - Condicionador 280ml#gsc.tab=0&amp;gsc.q=Granado Carioca - Condicionador 280ml&amp;gsc.page=1\" target=\"_blank\" rel=\"noopener\">Granado Carioca &#8211; Condicionador 280ml, clique e continue <strong>pesquisando&#8230;<\/strong><\/a><\/p>\n<hr \/>\n","protected":false},"excerpt":{"rendered":"<p>R$ 42.90 nas lojas <a href=\"https:\/\/www.awin1.com\/pclick.php?p=40666766758&#038;a=690303&#038;m=62481\" target=\"_blank\" rel=\"sponsored\">Beleza na Web PRO BR<\/a><\/p>\n","protected":false},"author":1,"featured_media":0,"comment_status":"closed","ping_status":"closed","sticky":false,"template":"","format":"standard","meta":{"footnotes":""},"categories":[2],"tags":[2160,2949],"class_list":["post-98003","post","type-post","status-publish","format-standard","hentry","category-produtos","tag-42-90","tag-beleza-na-web-pro-br"],"_links":{"self":[{"href":"https:\/\/jr1.com.br\/shopping\/wp-json\/wp\/v2\/posts\/98003","targetHints":{"allow":["GET"]}}],"collection":[{"href":"https:\/\/jr1.com.br\/shopping\/wp-json\/wp\/v2\/posts"}],"about":[{"href":"https:\/\/jr1.com.br\/shopping\/wp-json\/wp\/v2\/types\/post"}],"author":[{"embeddable":true,"href":"https:\/\/jr1.com.br\/shopping\/wp-json\/wp\/v2\/users\/1"}],"replies":[{"embeddable":true,"href":"https:\/\/jr1.com.br\/shopping\/wp-json\/wp\/v2\/comments?post=98003"}],"version-history":[{"count":0,"href":"https:\/\/jr1.com.br\/shopping\/wp-json\/wp\/v2\/posts\/98003\/revisions"}],"wp:attachment":[{"href":"https:\/\/jr1.com.br\/shopping\/wp-json\/wp\/v2\/media?parent=98003"}],"wp:term":[{"taxonomy":"category","embeddable":true,"href":"https:\/\/jr1.com.br\/shopping\/wp-json\/wp\/v2\/categories?post=98003"},{"taxonomy":"post_tag","embeddable":true,"href":"https:\/\/jr1.com.br\/shopping\/wp-json\/wp\/v2\/tags?post=98003"}],"curies":[{"name":"wp","href":"https:\/\/api.w.org\/{rel}","templated":true}]}}