{"id":98188,"date":"2026-03-06T00:53:06","date_gmt":"2026-03-06T00:53:06","guid":{"rendered":"https:\/\/jr1.com.br\/shopping\/2026\/03\/06\/klasme-forever-preto-mascara-para-cilios-10g\/"},"modified":"2026-03-06T00:53:06","modified_gmt":"2026-03-06T00:53:06","slug":"klasme-forever-preto-mascara-para-cilios-10g","status":"publish","type":"post","link":"https:\/\/jr1.com.br\/shopping\/2026\/03\/06\/klasme-forever-preto-mascara-para-cilios-10g\/","title":{"rendered":"Klasme Forever Preto &#8211; M\u00e1scara para C\u00edlios 10g"},"content":{"rendered":"<h2>Sa\u00fade e beleza<\/h2>\n<h3>O pre\u00e7o de Klasme Forever Preto &#8211; M\u00e1scara para C\u00edlios 10g no dia acima especificado era de <strong>R$ 41.90<\/strong>.<\/h3>\n<p>Confira o pre\u00e7o atual aqui: <a href=\"https:\/\/www.awin1.com\/pclick.php?p=40666767177&#038;a=690303&#038;m=62481\" rel=\"noopener sponsored\"><img decoding=\"async\" src=\"https:\/\/ui.awin.com\/images\/upload\/merchant\/profile\/62481.png\" alt=\"Klasme Forever Preto - M\u00e1scara para C\u00edlios 10g\" \/> &#8211; nas lojas Beleza na Web PRO BR<\/a><\/p>\n<p><img decoding=\"async\" src=\"https:\/\/res.cloudinary.com\/beleza-na-web\/image\/upload\/w_1500\/f_auto\/fl_progressive\/q_auto:best\/v1\/imagens\/5\/klasme-forever-preto-mascara-para-cilios-10g-52621-6090927943136754402.jpg\" alt=\"Klasme Forever Preto - M\u00e1scara para C\u00edlios 10g\" \/><br \/>\nM\u00e1scara para c\u00edlios preta. Com cerdas de silicone, Klasme Forever M\u00e1scara para C\u00edlios oferece m\u00e1ximo volume e maior comprimento aos c\u00edlios. Klasme Forever M\u00e1scara para C\u00edlios tem ponta arredondada em formato de &#8220;ouri\u00e7o&#8221; que ajuda a levantar ainda mais a curvatura e alcan\u00e7ar at\u00e9 os menores pelos, o que garante um olhar mais marcante e charmoso. \u00c9 simples e pr\u00e1tico, ideal para diversas ocasi\u00f5es.<\/p>\n<h4>Aproveite e pesquise o pre\u00e7o deste produto em dezenas de lojas dos marketplaces abaixo:<\/h4>\n<p><a href=\"https:\/\/www.magazinevoce.com.br\/magazineezu\/busca\/Klasme Forever Preto - M\u00e1scara para C\u00edlios 10g\/\" target=\"_blank\" rel=\"noopener\"><img decoding=\"async\" src=\"https:\/\/mvc.mlcdn.com.br\/ad\/2503_superofertas.png\" alt=\"Pesquise no Magazine eZu\" \/> &#8211; da Parceria MAGALU<\/a>.<\/p>\n<p>Ainda n\u00e3o encontrou a melhor op\u00e7\u00e3o de compra? Oferecemos mais uma possibilidade de <strong>busca<\/strong> mais ampla para <a href=\"https:\/\/ecompare.com.br\/lojas\/resultados-da-pesquisa\/?q=Klasme Forever Preto - M\u00e1scara para C\u00edlios 10g#gsc.tab=0&amp;gsc.q=Klasme Forever Preto - M\u00e1scara para C\u00edlios 10g&amp;gsc.page=1\" target=\"_blank\" rel=\"noopener\">Klasme Forever Preto &#8211; M\u00e1scara para C\u00edlios 10g, clique e continue <strong>pesquisando&#8230;<\/strong><\/a><\/p>\n<hr \/>\n","protected":false},"excerpt":{"rendered":"<p>R$ 41.90 nas lojas <a href=\"https:\/\/www.awin1.com\/pclick.php?p=40666767177&#038;a=690303&#038;m=62481\" target=\"_blank\" rel=\"sponsored\">Beleza na Web PRO BR<\/a><\/p>\n","protected":false},"author":1,"featured_media":0,"comment_status":"closed","ping_status":"closed","sticky":false,"template":"","format":"standard","meta":{"footnotes":""},"categories":[2],"tags":[2161,2949],"class_list":["post-98188","post","type-post","status-publish","format-standard","hentry","category-produtos","tag-41-90","tag-beleza-na-web-pro-br"],"_links":{"self":[{"href":"https:\/\/jr1.com.br\/shopping\/wp-json\/wp\/v2\/posts\/98188","targetHints":{"allow":["GET"]}}],"collection":[{"href":"https:\/\/jr1.com.br\/shopping\/wp-json\/wp\/v2\/posts"}],"about":[{"href":"https:\/\/jr1.com.br\/shopping\/wp-json\/wp\/v2\/types\/post"}],"author":[{"embeddable":true,"href":"https:\/\/jr1.com.br\/shopping\/wp-json\/wp\/v2\/users\/1"}],"replies":[{"embeddable":true,"href":"https:\/\/jr1.com.br\/shopping\/wp-json\/wp\/v2\/comments?post=98188"}],"version-history":[{"count":0,"href":"https:\/\/jr1.com.br\/shopping\/wp-json\/wp\/v2\/posts\/98188\/revisions"}],"wp:attachment":[{"href":"https:\/\/jr1.com.br\/shopping\/wp-json\/wp\/v2\/media?parent=98188"}],"wp:term":[{"taxonomy":"category","embeddable":true,"href":"https:\/\/jr1.com.br\/shopping\/wp-json\/wp\/v2\/categories?post=98188"},{"taxonomy":"post_tag","embeddable":true,"href":"https:\/\/jr1.com.br\/shopping\/wp-json\/wp\/v2\/tags?post=98188"}],"curies":[{"name":"wp","href":"https:\/\/api.w.org\/{rel}","templated":true}]}}