{"id":98765,"date":"2026-03-01T14:49:04","date_gmt":"2026-03-01T14:49:04","guid":{"rendered":"https:\/\/jr1.com.br\/shopping\/2026\/03\/01\/foreo-luna-2-pele-mista-escova-facial-eletrica\/"},"modified":"2026-03-01T14:49:04","modified_gmt":"2026-03-01T14:49:04","slug":"foreo-luna-2-pele-mista-escova-facial-eletrica","status":"publish","type":"post","link":"https:\/\/jr1.com.br\/shopping\/2026\/03\/01\/foreo-luna-2-pele-mista-escova-facial-eletrica\/","title":{"rendered":"Foreo Luna 2 Pele Mista &#8211; Escova Facial El\u00e9trica"},"content":{"rendered":"<h2>Sa\u00fade e beleza > Cuidados pessoais > Cosm\u00e9ticos > Ferramentas cosm\u00e9ticas > Ferramentas para cuidados com a pele > Cabe\u00e7as de escovas para limpeza de pele<\/h2>\n<h3>O pre\u00e7o de Foreo Luna 2 Pele Mista &#8211; Escova Facial El\u00e9trica no dia acima especificado era de <strong>R$ 1148.90<\/strong>.<\/h3>\n<p>Confira o pre\u00e7o atual aqui: <a href=\"https:\/\/www.awin1.com\/pclick.php?p=40666767777&#038;a=690303&#038;m=62481\" rel=\"noopener sponsored\"><img decoding=\"async\" src=\"https:\/\/ui.awin.com\/images\/upload\/merchant\/profile\/62481.png\" alt=\"Foreo Luna 2 Pele Mista - Escova Facial El\u00e9trica\" \/> &#8211; nas lojas Beleza na Web PRO BR<\/a><\/p>\n<p><img decoding=\"async\" src=\"https:\/\/res.cloudinary.com\/beleza-na-web\/image\/upload\/w_1500\/f_auto\/fl_progressive\/q_auto:best\/v1\/imagens\/products\/56897\/56897.png\" alt=\"Foreo Luna 2 Pele Mista - Escova Facial El\u00e9trica\" \/><br \/>\nEscova el\u00e9trica de limpeza facial para peles mistas. Foreo Luna 2 Pele Mista limpa de forma profunda e massageia. Oferece uma experi\u00eancia luxuosa que integra a rotina de limpeza di\u00e1ria. Foreo Luna 2 Pele Mista conta com a tecnologia de pulsa\u00e7\u00e3o T-Sonic, que permite remover res\u00edduos sem ser agressivo. J\u00e1 o Modo Massageador realiza uma massagem de baixa frequ\u00eancia que promove um relaxamento ideal. \u00c9 100% \u00e0 prova d\u2019\u00e1gua e sua bateria dura por at\u00e9 7 semanas. Dispon\u00edvel em 4 modelos de cores diferentes, um para cada tipo de pele. Acompanha cabo USB para carregar a escova e uma bolsa de tecido para transportar com seguran\u00e7a. A fam\u00edlia Luna 2 est\u00e1 dispon\u00edvel nos modelos: Pele normal: peles com poucas imperfei\u00e7\u00f5es, sem oleosidade aparente. Possui cerdas finas que limpam delicadamente e filamentos espessos para limpeza mais precisa. Pele sens\u00edvel: ressecadas, irritadi\u00e7as ou que costumam ter vermelhid\u00e3o. Seus filamentos s\u00e3o finos e extremamente macios para reduzir a abras\u00e3o sem ser menos eficaz. Pele Oleosa: peles brilhosas e com poros obstru\u00eddos em todo o rosto. Tem cerdas achatadas para propagar a pulsa\u00e7\u00e3o de maneira mais intensa, sem ressecar o rosto. Pele Mista: oleosas e com poros obstru\u00eddos apenas no nariz, testa e queixo, sem brilho no restante do rosto. Tem cerdas espessas para remover a oleosidade e filamentos finos para \u00e1reas delicadas. *Para informa\u00e7\u00f5es sobre garantia e devolu\u00e7\u00e3o, consulte os termos no site do fabricante .<\/p>\n<h4>Aproveite e pesquise o pre\u00e7o deste produto em dezenas de lojas dos marketplaces abaixo:<\/h4>\n<p><a href=\"https:\/\/www.magazinevoce.com.br\/magazineezu\/busca\/Foreo Luna 2 Pele Mista - Escova Facial El\u00e9trica\/\" target=\"_blank\" rel=\"noopener\"><img decoding=\"async\" src=\"https:\/\/mvc.mlcdn.com.br\/ad\/2503_superofertas.png\" alt=\"Pesquise no Magazine eZu\" \/> &#8211; da Parceria MAGALU<\/a>.<\/p>\n<p>Ainda n\u00e3o encontrou a melhor op\u00e7\u00e3o de compra? Oferecemos mais uma possibilidade de <strong>busca<\/strong> mais ampla para <a href=\"https:\/\/ecompare.com.br\/lojas\/resultados-da-pesquisa\/?q=Foreo Luna 2 Pele Mista - Escova Facial El\u00e9trica#gsc.tab=0&amp;gsc.q=Foreo Luna 2 Pele Mista - Escova Facial El\u00e9trica&amp;gsc.page=1\" target=\"_blank\" rel=\"noopener\">Foreo Luna 2 Pele Mista &#8211; Escova Facial El\u00e9trica, clique e continue <strong>pesquisando&#8230;<\/strong><\/a><\/p>\n<hr \/>\n","protected":false},"excerpt":{"rendered":"<p>R$ 1148.90 nas lojas <a href=\"https:\/\/www.awin1.com\/pclick.php?p=40666767777&#038;a=690303&#038;m=62481\" target=\"_blank\" rel=\"sponsored\">Beleza na Web PRO BR<\/a><\/p>\n","protected":false},"author":1,"featured_media":0,"comment_status":"closed","ping_status":"closed","sticky":false,"template":"","format":"standard","meta":{"footnotes":""},"categories":[2],"tags":[1971,2949],"class_list":["post-98765","post","type-post","status-publish","format-standard","hentry","category-produtos","tag-1148-90","tag-beleza-na-web-pro-br"],"_links":{"self":[{"href":"https:\/\/jr1.com.br\/shopping\/wp-json\/wp\/v2\/posts\/98765","targetHints":{"allow":["GET"]}}],"collection":[{"href":"https:\/\/jr1.com.br\/shopping\/wp-json\/wp\/v2\/posts"}],"about":[{"href":"https:\/\/jr1.com.br\/shopping\/wp-json\/wp\/v2\/types\/post"}],"author":[{"embeddable":true,"href":"https:\/\/jr1.com.br\/shopping\/wp-json\/wp\/v2\/users\/1"}],"replies":[{"embeddable":true,"href":"https:\/\/jr1.com.br\/shopping\/wp-json\/wp\/v2\/comments?post=98765"}],"version-history":[{"count":0,"href":"https:\/\/jr1.com.br\/shopping\/wp-json\/wp\/v2\/posts\/98765\/revisions"}],"wp:attachment":[{"href":"https:\/\/jr1.com.br\/shopping\/wp-json\/wp\/v2\/media?parent=98765"}],"wp:term":[{"taxonomy":"category","embeddable":true,"href":"https:\/\/jr1.com.br\/shopping\/wp-json\/wp\/v2\/categories?post=98765"},{"taxonomy":"post_tag","embeddable":true,"href":"https:\/\/jr1.com.br\/shopping\/wp-json\/wp\/v2\/tags?post=98765"}],"curies":[{"name":"wp","href":"https:\/\/api.w.org\/{rel}","templated":true}]}}