{"id":98996,"date":"2026-03-04T05:36:47","date_gmt":"2026-03-04T05:36:47","guid":{"rendered":"https:\/\/jr1.com.br\/shopping\/2026\/03\/04\/wella-professionals-invigo-color-brilliance-mascara-capilar-500ml\/"},"modified":"2026-03-04T05:36:47","modified_gmt":"2026-03-04T05:36:47","slug":"wella-professionals-invigo-color-brilliance-mascara-capilar-500ml","status":"publish","type":"post","link":"https:\/\/jr1.com.br\/shopping\/2026\/03\/04\/wella-professionals-invigo-color-brilliance-mascara-capilar-500ml\/","title":{"rendered":"Wella Professionals Invigo Color Brilliance &#8211; M\u00e1scara Capilar 500ml"},"content":{"rendered":"<h2>Sa\u00fade e beleza > Cuidados pessoais > Cuidados com os cabelos<\/h2>\n<h3>O pre\u00e7o de Wella Professionals Invigo Color Brilliance &#8211; M\u00e1scara Capilar 500ml no dia acima especificado era de <strong>R$ 489.90<\/strong>.<\/h3>\n<p>Confira o pre\u00e7o atual aqui: <a href=\"https:\/\/www.awin1.com\/pclick.php?p=40666768006&#038;a=690303&#038;m=62481\" rel=\"noopener sponsored\"><img decoding=\"async\" src=\"https:\/\/ui.awin.com\/images\/upload\/merchant\/profile\/62481.png\" alt=\"Wella Professionals Invigo Color Brilliance - M\u00e1scara Capilar 500ml\" \/> &#8211; nas lojas Beleza na Web PRO BR<\/a><\/p>\n<p><img decoding=\"async\" src=\"https:\/\/res.cloudinary.com\/beleza-na-web\/image\/upload\/w_1500\/f_auto\/fl_progressive\/q_auto:best\/v1\/imagens\/products\/57564\/57564.png\" alt=\"Wella Professionals Invigo Color Brilliance - M\u00e1scara Capilar 500ml\" \/><br \/>\nM\u00e1scara de tratamento para prote\u00e7\u00e3o e durabilidade da cor. Wella Professionals Invigo Color Brilliance cuida dos fios enquanto mant\u00e9m a cor vibrante. A M\u00e1scara de tratamento para prote\u00e7\u00e3o e durabilidade da cor Wella Professionals Invigo Color Brilliance possui tecnologia que auxilia no combate ao desbotamento do cabelo, al\u00e9m de tratar os fios e proporcionar maciez e brilho. Invigo Color Brilliance , da Wella Professionals , \u00e9 a linha que trata enquanto protege a cor dos fios. Ela fornece brilho, maciez, desembara\u00e7o, prote\u00e7\u00e3o e durabilidade da cor por conta de ativos em sua composi\u00e7\u00e3o. Encontre aqui os outros produtos da linha Invigo Color Brilliance .<\/p>\n<h4>Aproveite e pesquise o pre\u00e7o deste produto em dezenas de lojas dos marketplaces abaixo:<\/h4>\n<p><a href=\"https:\/\/www.magazinevoce.com.br\/magazineezu\/busca\/Wella Professionals Invigo Color Brilliance - M\u00e1scara Capilar 500ml\/\" target=\"_blank\" rel=\"noopener\"><img decoding=\"async\" src=\"https:\/\/mvc.mlcdn.com.br\/ad\/2503_superofertas.png\" alt=\"Pesquise no Magazine eZu\" \/> &#8211; da Parceria MAGALU<\/a>.<\/p>\n<p>Ainda n\u00e3o encontrou a melhor op\u00e7\u00e3o de compra? Oferecemos mais uma possibilidade de <strong>busca<\/strong> mais ampla para <a href=\"https:\/\/ecompare.com.br\/lojas\/resultados-da-pesquisa\/?q=Wella Professionals Invigo Color Brilliance - M\u00e1scara Capilar 500ml#gsc.tab=0&amp;gsc.q=Wella Professionals Invigo Color Brilliance - M\u00e1scara Capilar 500ml&amp;gsc.page=1\" target=\"_blank\" rel=\"noopener\">Wella Professionals Invigo Color Brilliance &#8211; M\u00e1scara Capilar 500ml, clique e continue <strong>pesquisando&#8230;<\/strong><\/a><\/p>\n<hr \/>\n","protected":false},"excerpt":{"rendered":"<p>R$ 489.90 nas lojas <a href=\"https:\/\/www.awin1.com\/pclick.php?p=40666768006&#038;a=690303&#038;m=62481\" target=\"_blank\" rel=\"sponsored\">Beleza na Web PRO BR<\/a><\/p>\n","protected":false},"author":1,"featured_media":0,"comment_status":"closed","ping_status":"closed","sticky":false,"template":"","format":"standard","meta":{"footnotes":""},"categories":[2],"tags":[1939,2949],"class_list":["post-98996","post","type-post","status-publish","format-standard","hentry","category-produtos","tag-489-90","tag-beleza-na-web-pro-br"],"_links":{"self":[{"href":"https:\/\/jr1.com.br\/shopping\/wp-json\/wp\/v2\/posts\/98996","targetHints":{"allow":["GET"]}}],"collection":[{"href":"https:\/\/jr1.com.br\/shopping\/wp-json\/wp\/v2\/posts"}],"about":[{"href":"https:\/\/jr1.com.br\/shopping\/wp-json\/wp\/v2\/types\/post"}],"author":[{"embeddable":true,"href":"https:\/\/jr1.com.br\/shopping\/wp-json\/wp\/v2\/users\/1"}],"replies":[{"embeddable":true,"href":"https:\/\/jr1.com.br\/shopping\/wp-json\/wp\/v2\/comments?post=98996"}],"version-history":[{"count":0,"href":"https:\/\/jr1.com.br\/shopping\/wp-json\/wp\/v2\/posts\/98996\/revisions"}],"wp:attachment":[{"href":"https:\/\/jr1.com.br\/shopping\/wp-json\/wp\/v2\/media?parent=98996"}],"wp:term":[{"taxonomy":"category","embeddable":true,"href":"https:\/\/jr1.com.br\/shopping\/wp-json\/wp\/v2\/categories?post=98996"},{"taxonomy":"post_tag","embeddable":true,"href":"https:\/\/jr1.com.br\/shopping\/wp-json\/wp\/v2\/tags?post=98996"}],"curies":[{"name":"wp","href":"https:\/\/api.w.org\/{rel}","templated":true}]}}