{"id":99065,"date":"2026-03-24T14:02:04","date_gmt":"2026-03-24T14:02:04","guid":{"rendered":"https:\/\/jr1.com.br\/shopping\/2026\/03\/24\/amend-hair-dry-maciez-e-brilho-creme-de-pentear-180g\/"},"modified":"2026-03-24T14:02:04","modified_gmt":"2026-03-24T14:02:04","slug":"amend-hair-dry-maciez-e-brilho-creme-de-pentear-180g","status":"publish","type":"post","link":"https:\/\/jr1.com.br\/shopping\/2026\/03\/24\/amend-hair-dry-maciez-e-brilho-creme-de-pentear-180g\/","title":{"rendered":"Amend Hair Dry Maciez e Brilho &#8211; Creme de Pentear 180g"},"content":{"rendered":"<h2>Sa\u00fade e beleza > Cuidados pessoais > Cuidados com os cabelos<\/h2>\n<h3>O pre\u00e7o de Amend Hair Dry Maciez e Brilho &#8211; Creme de Pentear 180g no dia acima especificado era de <strong>R$ 30.90<\/strong>.<\/h3>\n<p>Confira o pre\u00e7o atual aqui: <a href=\"https:\/\/www.awin1.com\/pclick.php?p=40666768287&#038;a=690303&#038;m=62481\" rel=\"noopener sponsored\"><img decoding=\"async\" src=\"https:\/\/ui.awin.com\/images\/upload\/merchant\/profile\/62481.png\" alt=\"Amend Hair Dry Maciez e Brilho - Creme de Pentear 180g\" \/> &#8211; nas lojas Beleza na Web PRO BR<\/a><\/p>\n<p><img decoding=\"async\" src=\"https:\/\/res.cloudinary.com\/beleza-na-web\/image\/upload\/w_1500\/f_auto\/fl_progressive\/q_auto:best\/v1\/imagens\/product\/57920\/760ff421-5787-4860-89b8-12ea74ff0711-57920-amend-hair-dry-maciez-e-brilho-cabelos-ressecados-creme-pos-lavagem-180g.png\" alt=\"Amend Hair Dry Maciez e Brilho - Creme de Pentear 180g\" \/><br \/>\nCreme de pentear para cabelos ressecados. Amend Hair Dry Tratamento Cosm\u00e9tico P\u00f3s-Lavagem desembara\u00e7a os fios com facilidade e sem quebrar. Protege dos danos externos, evita a quebra e aspereza. Amend Hair Dry Tratamento Cosm\u00e9tico P\u00f3s-Lavagem conta com f\u00f3rmula hidratante e reparadora que cria uma pel\u00edcula em volta do fio para proteger de ferramentas t\u00e9rmicas, clima e polui\u00e7\u00e3o. Al\u00e9m disso, rep\u00f5e nutrientes de maneira gradativa para um cabelo mais macio e cheio de brilho.<\/p>\n<h4>Aproveite e pesquise o pre\u00e7o deste produto em dezenas de lojas dos marketplaces abaixo:<\/h4>\n<p><a href=\"https:\/\/www.magazinevoce.com.br\/magazineezu\/busca\/Amend Hair Dry Maciez e Brilho - Creme de Pentear 180g\/\" target=\"_blank\" rel=\"noopener\"><img decoding=\"async\" src=\"https:\/\/mvc.mlcdn.com.br\/ad\/2503_superofertas.png\" alt=\"Pesquise no Magazine eZu\" \/> &#8211; da Parceria MAGALU<\/a>.<\/p>\n<p>Ainda n\u00e3o encontrou a melhor op\u00e7\u00e3o de compra? Oferecemos mais uma possibilidade de <strong>busca<\/strong> mais ampla para <a href=\"https:\/\/ecompare.com.br\/lojas\/resultados-da-pesquisa\/?q=Amend Hair Dry Maciez e Brilho - Creme de Pentear 180g#gsc.tab=0&amp;gsc.q=Amend Hair Dry Maciez e Brilho - Creme de Pentear 180g&amp;gsc.page=1\" target=\"_blank\" rel=\"noopener\">Amend Hair Dry Maciez e Brilho &#8211; Creme de Pentear 180g, clique e continue <strong>pesquisando&#8230;<\/strong><\/a><\/p>\n<hr \/>\n","protected":false},"excerpt":{"rendered":"<p>R$ 30.90 nas lojas <a href=\"https:\/\/www.awin1.com\/pclick.php?p=40666768287&#038;a=690303&#038;m=62481\" target=\"_blank\" rel=\"sponsored\">Beleza na Web PRO BR<\/a><\/p>\n","protected":false},"author":1,"featured_media":0,"comment_status":"closed","ping_status":"closed","sticky":false,"template":"","format":"standard","meta":{"footnotes":""},"categories":[2],"tags":[1894,2949],"class_list":["post-99065","post","type-post","status-publish","format-standard","hentry","category-produtos","tag-30-90","tag-beleza-na-web-pro-br"],"_links":{"self":[{"href":"https:\/\/jr1.com.br\/shopping\/wp-json\/wp\/v2\/posts\/99065","targetHints":{"allow":["GET"]}}],"collection":[{"href":"https:\/\/jr1.com.br\/shopping\/wp-json\/wp\/v2\/posts"}],"about":[{"href":"https:\/\/jr1.com.br\/shopping\/wp-json\/wp\/v2\/types\/post"}],"author":[{"embeddable":true,"href":"https:\/\/jr1.com.br\/shopping\/wp-json\/wp\/v2\/users\/1"}],"replies":[{"embeddable":true,"href":"https:\/\/jr1.com.br\/shopping\/wp-json\/wp\/v2\/comments?post=99065"}],"version-history":[{"count":0,"href":"https:\/\/jr1.com.br\/shopping\/wp-json\/wp\/v2\/posts\/99065\/revisions"}],"wp:attachment":[{"href":"https:\/\/jr1.com.br\/shopping\/wp-json\/wp\/v2\/media?parent=99065"}],"wp:term":[{"taxonomy":"category","embeddable":true,"href":"https:\/\/jr1.com.br\/shopping\/wp-json\/wp\/v2\/categories?post=99065"},{"taxonomy":"post_tag","embeddable":true,"href":"https:\/\/jr1.com.br\/shopping\/wp-json\/wp\/v2\/tags?post=99065"}],"curies":[{"name":"wp","href":"https:\/\/api.w.org\/{rel}","templated":true}]}}