{"id":99136,"date":"2026-03-18T17:48:58","date_gmt":"2026-03-18T17:48:58","guid":{"rendered":"https:\/\/jr1.com.br\/shopping\/2026\/03\/18\/amend-retoque-da-cor-1215-castanho-escuro-corretivo-de-raiz-75ml\/"},"modified":"2026-03-18T17:48:58","modified_gmt":"2026-03-18T17:48:58","slug":"amend-retoque-da-cor-1215-castanho-escuro-corretivo-de-raiz-75ml","status":"publish","type":"post","link":"https:\/\/jr1.com.br\/shopping\/2026\/03\/18\/amend-retoque-da-cor-1215-castanho-escuro-corretivo-de-raiz-75ml\/","title":{"rendered":"Amend Retoque da Cor 1215 Castanho Escuro &#8211; Corretivo de Raiz 75ml"},"content":{"rendered":"<h2>Sa\u00fade e beleza > Cuidados pessoais > Cuidados com os cabelos<\/h2>\n<h3>O pre\u00e7o de Amend Retoque da Cor 1215 Castanho Escuro &#8211; Corretivo de Raiz 75ml no dia acima especificado era de <strong>R$ 56.90<\/strong>.<\/h3>\n<p>Confira o pre\u00e7o atual aqui: <a href=\"https:\/\/www.awin1.com\/pclick.php?p=40666768358&#038;a=690303&#038;m=62481\" rel=\"noopener sponsored\"><img decoding=\"async\" src=\"https:\/\/ui.awin.com\/images\/upload\/merchant\/profile\/62481.png\" alt=\"Amend Retoque da Cor 1215 Castanho Escuro - Corretivo de Raiz 75ml\" \/> &#8211; nas lojas Beleza na Web PRO BR<\/a><\/p>\n<p><img decoding=\"async\" src=\"https:\/\/res.cloudinary.com\/beleza-na-web\/image\/upload\/w_1500\/f_auto\/fl_progressive\/q_auto:best\/v1\/imagens\/product\/57993\/10d1bfa4-c204-4a56-a34a-b390f03ad2be-57993-amend-retoque-da-cor-castanho-escuro-spray-para-retoque-instantaneo-da-raiz-75ml.png\" alt=\"Amend Retoque da Cor 1215 Castanho Escuro - Corretivo de Raiz 75ml\" \/><br \/>\nCorretivo de raiz em spray. Amend Retoque da Cor cobre os fios brancos e desbotados em instantes, de maneira natural e pr\u00e1tica. Perfeito para quem colore os fios com frequ\u00eancia. Amend Retoque da Cor foi desenvolvido para facilitar o dia a dia e cobrir os fios quando n\u00e3o foi poss\u00edvel ir ao sal\u00e3o. Proporciona cobertura uniforme e de longa dura\u00e7\u00e3o. \u00c9 resistente ao calor e \u00e1 \u00e1gua, al\u00e9m de ser compacto e f\u00e1cil de carregar e aplicar em todos os lugares.<\/p>\n<h4>Aproveite e pesquise o pre\u00e7o deste produto em dezenas de lojas dos marketplaces abaixo:<\/h4>\n<p><a href=\"https:\/\/www.magazinevoce.com.br\/magazineezu\/busca\/Amend Retoque da Cor 1215 Castanho Escuro - Corretivo de Raiz 75ml\/\" target=\"_blank\" rel=\"noopener\"><img decoding=\"async\" src=\"https:\/\/mvc.mlcdn.com.br\/ad\/2503_superofertas.png\" alt=\"Pesquise no Magazine eZu\" \/> &#8211; da Parceria MAGALU<\/a>.<\/p>\n<p>Ainda n\u00e3o encontrou a melhor op\u00e7\u00e3o de compra? Oferecemos mais uma possibilidade de <strong>busca<\/strong> mais ampla para <a href=\"https:\/\/ecompare.com.br\/lojas\/resultados-da-pesquisa\/?q=Amend Retoque da Cor 1215 Castanho Escuro - Corretivo de Raiz 75ml#gsc.tab=0&amp;gsc.q=Amend Retoque da Cor 1215 Castanho Escuro - Corretivo de Raiz 75ml&amp;gsc.page=1\" target=\"_blank\" rel=\"noopener\">Amend Retoque da Cor 1215 Castanho Escuro &#8211; Corretivo de Raiz 75ml, clique e continue <strong>pesquisando&#8230;<\/strong><\/a><\/p>\n<hr \/>\n","protected":false},"excerpt":{"rendered":"<p>R$ 56.90 nas lojas <a href=\"https:\/\/www.awin1.com\/pclick.php?p=40666768358&#038;a=690303&#038;m=62481\" target=\"_blank\" rel=\"sponsored\">Beleza na Web PRO BR<\/a><\/p>\n","protected":false},"author":1,"featured_media":0,"comment_status":"closed","ping_status":"closed","sticky":false,"template":"","format":"standard","meta":{"footnotes":""},"categories":[2],"tags":[2163,2949],"class_list":["post-99136","post","type-post","status-publish","format-standard","hentry","category-produtos","tag-56-90","tag-beleza-na-web-pro-br"],"_links":{"self":[{"href":"https:\/\/jr1.com.br\/shopping\/wp-json\/wp\/v2\/posts\/99136","targetHints":{"allow":["GET"]}}],"collection":[{"href":"https:\/\/jr1.com.br\/shopping\/wp-json\/wp\/v2\/posts"}],"about":[{"href":"https:\/\/jr1.com.br\/shopping\/wp-json\/wp\/v2\/types\/post"}],"author":[{"embeddable":true,"href":"https:\/\/jr1.com.br\/shopping\/wp-json\/wp\/v2\/users\/1"}],"replies":[{"embeddable":true,"href":"https:\/\/jr1.com.br\/shopping\/wp-json\/wp\/v2\/comments?post=99136"}],"version-history":[{"count":0,"href":"https:\/\/jr1.com.br\/shopping\/wp-json\/wp\/v2\/posts\/99136\/revisions"}],"wp:attachment":[{"href":"https:\/\/jr1.com.br\/shopping\/wp-json\/wp\/v2\/media?parent=99136"}],"wp:term":[{"taxonomy":"category","embeddable":true,"href":"https:\/\/jr1.com.br\/shopping\/wp-json\/wp\/v2\/categories?post=99136"},{"taxonomy":"post_tag","embeddable":true,"href":"https:\/\/jr1.com.br\/shopping\/wp-json\/wp\/v2\/tags?post=99136"}],"curies":[{"name":"wp","href":"https:\/\/api.w.org\/{rel}","templated":true}]}}