{"id":99174,"date":"2026-03-22T03:26:26","date_gmt":"2026-03-22T03:26:26","guid":{"rendered":"https:\/\/jr1.com.br\/shopping\/2026\/03\/22\/amend-hair-dry-nutricao-e-forca-condicionador-275ml\/"},"modified":"2026-03-22T03:26:26","modified_gmt":"2026-03-22T03:26:26","slug":"amend-hair-dry-nutricao-e-forca-condicionador-275ml","status":"publish","type":"post","link":"https:\/\/jr1.com.br\/shopping\/2026\/03\/22\/amend-hair-dry-nutricao-e-forca-condicionador-275ml\/","title":{"rendered":"Amend Hair Dry Nutri\u00e7\u00e3o e For\u00e7a &#8211; Condicionador 275ml"},"content":{"rendered":"<h2>Sa\u00fade e beleza > Cuidados pessoais > Cuidados com os cabelos > Xampu e condicionador<\/h2>\n<h3>O pre\u00e7o de Amend Hair Dry Nutri\u00e7\u00e3o e For\u00e7a &#8211; Condicionador 275ml no dia acima especificado era de <strong>R$ 28.90<\/strong>.<\/h3>\n<p>Confira o pre\u00e7o atual aqui: <a href=\"https:\/\/www.awin1.com\/pclick.php?p=40666768396&#038;a=690303&#038;m=62481\" rel=\"noopener sponsored\"><img decoding=\"async\" src=\"https:\/\/ui.awin.com\/images\/upload\/merchant\/profile\/62481.png\" alt=\"Amend Hair Dry Nutri\u00e7\u00e3o e For\u00e7a - Condicionador 275ml\" \/> &#8211; nas lojas Beleza na Web PRO BR<\/a><\/p>\n<p><img decoding=\"async\" src=\"https:\/\/res.cloudinary.com\/beleza-na-web\/image\/upload\/w_1500\/f_auto\/fl_progressive\/q_auto:best\/v1\/imagens\/product\/58032\/3a77383e-bb54-47ee-943f-552a2f09fd9c-58032-amend-hair-dry-nutricao-e-forca-cabelos-coloridos-condicionador-275ml.png\" alt=\"Amend Hair Dry Nutri\u00e7\u00e3o e For\u00e7a - Condicionador 275ml\" \/><br \/>\nCondicionador para cabelos com colora\u00e7\u00e3o ou qu\u00edmica. Amend Hair Dry Nutri\u00e7\u00e3o e For\u00e7a traz maciez, resist\u00eancia e brilho saud\u00e1vel. Recupera o aspecto sedoso dos fios que passaram por processos qu\u00edmicos. A f\u00f3rmula de Amend Hair Dry Nutri\u00e7\u00e3o e For\u00e7a possui ativos antioxidantes que protegem a cor do desbotamento, al\u00e9m de ser intensamente nutritiva. Elimina o toque \u00e1spero e devolve a elasticidade.<\/p>\n<h4>Aproveite e pesquise o pre\u00e7o deste produto em dezenas de lojas dos marketplaces abaixo:<\/h4>\n<p><a href=\"https:\/\/www.magazinevoce.com.br\/magazineezu\/busca\/Amend Hair Dry Nutri\u00e7\u00e3o e For\u00e7a - Condicionador 275ml\/\" target=\"_blank\" rel=\"noopener\"><img decoding=\"async\" src=\"https:\/\/mvc.mlcdn.com.br\/ad\/2503_superofertas.png\" alt=\"Pesquise no Magazine eZu\" \/> &#8211; da Parceria MAGALU<\/a>.<\/p>\n<p>Ainda n\u00e3o encontrou a melhor op\u00e7\u00e3o de compra? Oferecemos mais uma possibilidade de <strong>busca<\/strong> mais ampla para <a href=\"https:\/\/ecompare.com.br\/lojas\/resultados-da-pesquisa\/?q=Amend Hair Dry Nutri\u00e7\u00e3o e For\u00e7a - Condicionador 275ml#gsc.tab=0&amp;gsc.q=Amend Hair Dry Nutri\u00e7\u00e3o e For\u00e7a - Condicionador 275ml&amp;gsc.page=1\" target=\"_blank\" rel=\"noopener\">Amend Hair Dry Nutri\u00e7\u00e3o e For\u00e7a &#8211; Condicionador 275ml, clique e continue <strong>pesquisando&#8230;<\/strong><\/a><\/p>\n<hr \/>\n","protected":false},"excerpt":{"rendered":"<p>R$ 28.90 nas lojas <a href=\"https:\/\/www.awin1.com\/pclick.php?p=40666768396&#038;a=690303&#038;m=62481\" target=\"_blank\" rel=\"sponsored\">Beleza na Web PRO BR<\/a><\/p>\n","protected":false},"author":1,"featured_media":0,"comment_status":"closed","ping_status":"closed","sticky":false,"template":"","format":"standard","meta":{"footnotes":""},"categories":[2],"tags":[2122,2949],"class_list":["post-99174","post","type-post","status-publish","format-standard","hentry","category-produtos","tag-28-90","tag-beleza-na-web-pro-br"],"_links":{"self":[{"href":"https:\/\/jr1.com.br\/shopping\/wp-json\/wp\/v2\/posts\/99174","targetHints":{"allow":["GET"]}}],"collection":[{"href":"https:\/\/jr1.com.br\/shopping\/wp-json\/wp\/v2\/posts"}],"about":[{"href":"https:\/\/jr1.com.br\/shopping\/wp-json\/wp\/v2\/types\/post"}],"author":[{"embeddable":true,"href":"https:\/\/jr1.com.br\/shopping\/wp-json\/wp\/v2\/users\/1"}],"replies":[{"embeddable":true,"href":"https:\/\/jr1.com.br\/shopping\/wp-json\/wp\/v2\/comments?post=99174"}],"version-history":[{"count":0,"href":"https:\/\/jr1.com.br\/shopping\/wp-json\/wp\/v2\/posts\/99174\/revisions"}],"wp:attachment":[{"href":"https:\/\/jr1.com.br\/shopping\/wp-json\/wp\/v2\/media?parent=99174"}],"wp:term":[{"taxonomy":"category","embeddable":true,"href":"https:\/\/jr1.com.br\/shopping\/wp-json\/wp\/v2\/categories?post=99174"},{"taxonomy":"post_tag","embeddable":true,"href":"https:\/\/jr1.com.br\/shopping\/wp-json\/wp\/v2\/tags?post=99174"}],"curies":[{"name":"wp","href":"https:\/\/api.w.org\/{rel}","templated":true}]}}