{"id":99187,"date":"2026-03-15T22:51:40","date_gmt":"2026-03-15T22:51:40","guid":{"rendered":"https:\/\/jr1.com.br\/shopping\/2026\/03\/15\/amend-black-illuminated-realce-da-cor-condicionador-250ml\/"},"modified":"2026-03-15T22:51:40","modified_gmt":"2026-03-15T22:51:40","slug":"amend-black-illuminated-realce-da-cor-condicionador-250ml","status":"publish","type":"post","link":"https:\/\/jr1.com.br\/shopping\/2026\/03\/15\/amend-black-illuminated-realce-da-cor-condicionador-250ml\/","title":{"rendered":"Amend Black Illuminated Realce da Cor &#8211; Condicionador 250ml"},"content":{"rendered":"<h2>Sa\u00fade e beleza > Cuidados pessoais > Cuidados com os cabelos > Xampu e condicionador<\/h2>\n<h3>O pre\u00e7o de Amend Black Illuminated Realce da Cor &#8211; Condicionador 250ml no dia acima especificado era de <strong>R$ 57.90<\/strong>.<\/h3>\n<p>Confira o pre\u00e7o atual aqui: <a href=\"https:\/\/www.awin1.com\/pclick.php?p=40666768409&#038;a=690303&#038;m=62481\" rel=\"noopener sponsored\"><img decoding=\"async\" src=\"https:\/\/ui.awin.com\/images\/upload\/merchant\/profile\/62481.png\" alt=\"Amend Black Illuminated Realce da Cor - Condicionador 250ml\" \/> &#8211; nas lojas Beleza na Web PRO BR<\/a><\/p>\n<p><img decoding=\"async\" src=\"https:\/\/res.cloudinary.com\/beleza-na-web\/image\/upload\/w_1500\/f_auto\/fl_progressive\/q_auto:best\/v1\/imagens\/product\/58046\/5bff2227-70ef-4e2f-8afd-7bb54c6a5862-58046-amend-black-illuminated-realce-da-cor-condicionador-250ml.png\" alt=\"Amend Black Illuminated Realce da Cor - Condicionador 250ml\" \/><br \/>\nCondicionador para cabelos pretos. Amend Black Illuminated Condicionador Realce da Cor revigora o tom dos fios naturais ou tingidos, hidrata e disciplina, al\u00e9m de conferir um brilho incr\u00edvel. Amend Black Illuminated Condicionador Realce da Cor possui f\u00f3rmula com pigmentos pretos que tonalizam suavemente o cabelo. Al\u00e9m disso, \u00e9 rico em antioxidantes que impedem o desbotamento da cor para que ela dure muito mais. Assim, voc\u00ea conquista fios intensamente escuros, protegidos, livres do frizz e radiantes.<\/p>\n<h4>Aproveite e pesquise o pre\u00e7o deste produto em dezenas de lojas dos marketplaces abaixo:<\/h4>\n<p><a href=\"https:\/\/www.magazinevoce.com.br\/magazineezu\/busca\/Amend Black Illuminated Realce da Cor - Condicionador 250ml\/\" target=\"_blank\" rel=\"noopener\"><img decoding=\"async\" src=\"https:\/\/mvc.mlcdn.com.br\/ad\/2503_superofertas.png\" alt=\"Pesquise no Magazine eZu\" \/> &#8211; da Parceria MAGALU<\/a>.<\/p>\n<p>Ainda n\u00e3o encontrou a melhor op\u00e7\u00e3o de compra? Oferecemos mais uma possibilidade de <strong>busca<\/strong> mais ampla para <a href=\"https:\/\/ecompare.com.br\/lojas\/resultados-da-pesquisa\/?q=Amend Black Illuminated Realce da Cor - Condicionador 250ml#gsc.tab=0&amp;gsc.q=Amend Black Illuminated Realce da Cor - Condicionador 250ml&amp;gsc.page=1\" target=\"_blank\" rel=\"noopener\">Amend Black Illuminated Realce da Cor &#8211; Condicionador 250ml, clique e continue <strong>pesquisando&#8230;<\/strong><\/a><\/p>\n<hr \/>\n","protected":false},"excerpt":{"rendered":"<p>R$ 57.90 nas lojas <a href=\"https:\/\/www.awin1.com\/pclick.php?p=40666768409&#038;a=690303&#038;m=62481\" target=\"_blank\" rel=\"sponsored\">Beleza na Web PRO BR<\/a><\/p>\n","protected":false},"author":1,"featured_media":0,"comment_status":"closed","ping_status":"closed","sticky":false,"template":"","format":"standard","meta":{"footnotes":""},"categories":[2],"tags":[2182,2949],"class_list":["post-99187","post","type-post","status-publish","format-standard","hentry","category-produtos","tag-57-90","tag-beleza-na-web-pro-br"],"_links":{"self":[{"href":"https:\/\/jr1.com.br\/shopping\/wp-json\/wp\/v2\/posts\/99187","targetHints":{"allow":["GET"]}}],"collection":[{"href":"https:\/\/jr1.com.br\/shopping\/wp-json\/wp\/v2\/posts"}],"about":[{"href":"https:\/\/jr1.com.br\/shopping\/wp-json\/wp\/v2\/types\/post"}],"author":[{"embeddable":true,"href":"https:\/\/jr1.com.br\/shopping\/wp-json\/wp\/v2\/users\/1"}],"replies":[{"embeddable":true,"href":"https:\/\/jr1.com.br\/shopping\/wp-json\/wp\/v2\/comments?post=99187"}],"version-history":[{"count":0,"href":"https:\/\/jr1.com.br\/shopping\/wp-json\/wp\/v2\/posts\/99187\/revisions"}],"wp:attachment":[{"href":"https:\/\/jr1.com.br\/shopping\/wp-json\/wp\/v2\/media?parent=99187"}],"wp:term":[{"taxonomy":"category","embeddable":true,"href":"https:\/\/jr1.com.br\/shopping\/wp-json\/wp\/v2\/categories?post=99187"},{"taxonomy":"post_tag","embeddable":true,"href":"https:\/\/jr1.com.br\/shopping\/wp-json\/wp\/v2\/tags?post=99187"}],"curies":[{"name":"wp","href":"https:\/\/api.w.org\/{rel}","templated":true}]}}