{"id":9927,"date":"2025-08-11T17:37:37","date_gmt":"2025-08-11T17:37:37","guid":{"rendered":"https:\/\/jr1.com.br\/shopping\/2025\/08\/11\/comoda-infantil-3-gavetas-em-mdf-smim-moveis-peroba-branco-brilho-carvalho-38605494433\/"},"modified":"2025-08-11T17:37:37","modified_gmt":"2025-08-11T17:37:37","slug":"comoda-infantil-3-gavetas-em-mdf-smim-moveis-peroba-branco-brilho-carvalho-38605494433","status":"publish","type":"post","link":"https:\/\/jr1.com.br\/shopping\/2025\/08\/11\/comoda-infantil-3-gavetas-em-mdf-smim-moveis-peroba-branco-brilho-carvalho-38605494433\/","title":{"rendered":"C\u00f4moda Infantil 3 Gavetas em MDF Smim M\u00f3veis Peroba Branco Brilho\/Carvalho &#8211; 38605494433"},"content":{"rendered":"<h2><\/h2>\n<h3>O pre\u00e7o de C\u00f4moda Infantil 3 Gavetas em MDF Smim M\u00f3veis Peroba Branco Brilho\/Carvalho no dia acima especificado era de <strong>R$ 379.22<\/strong>.<\/h3>\n<p>Confira o pre\u00e7o atual aqui: <a href=\"https:\/\/www.casatema.com.br\/comoda-infantil-3-gavetas-em-mdf-smim-moveis-peroba-branco-brilho-carvalho\/p?idsku=554455?utm_source=awin&#038;utm_medium=aff&#038;utm_campaign=690303&#038;utm_content=u1&#038;utm_term=&#038;sv1=affiliate&#038;sv_campaign_id=690303&#038;awc=64882_1747143695_604e9a136a087f3da65a6e07584fd7f3\" target=\"_blank\" rel=\"noopener sponsored\"><img decoding=\"async\" src=\"https:\/\/ui.awin.com\/images\/upload\/merchant\/profile\/100453.png\" alt=\"C\u00f4moda Infantil 3 Gavetas em MDF Smim M\u00f3veis Peroba Branco Brilho\/Carvalho\" \/> &#8211; nas lojas  Casa Tema BR<\/a><\/p>\n<p><img decoding=\"async\" src=\"https:\/\/casatema.vteximg.com.br\/arquivos\/ids\/866195_2\" alt=\"C\u00f4moda Infantil 3 Gavetas em MDF Smim M\u00f3veis Peroba Branco Brilho\/Carvalho\" \/><br \/>\nC\u00f4moda Infantil 3 Gavetas em MDF Smim M\u00f3veis Peroba Branco Brilho\/CarvalhoC\u00f4moda Infantil 3 Gavetas em MDF Smim M\u00f3veis Peroba Branco Brilho\/Carvalho. A C\u00f4moda Smim foi desenvolvido para oferecer qualidade, conforto e seguran\u00e7a para toda fam\u00edlia na hora de montar o quartinho do(a) beb\u00ea. \u00c9 produzido com estrutura 100% MDF e acabamento em pintura UV at\u00f3xica. Possui 3 gavetas que deslizam sob corredi\u00e7as met\u00e1licas que suporta at\u00e9 4kg cada, puxadores em pl\u00e1stico ABS. O tampo conta com bordas com perfil PVC podendo ser utilizado como trocador e evitando o risco de acidentes. Aproveite para adquirir a sua agora!Caracter\u00edsticas:Produto Montado: SimCor: Branco Brilho\/CarvalhoMaterial do Puxador da Porta: Pl\u00e1sticoTipo de Dobradi\u00e7a: Met\u00e1licaTipo de Puxador: ExternoMaterial do Puxador da Gaveta: Pl\u00e1sticoInforma\u00e7\u00f5es Complementares: Pintura At\u00f3xica.Acompanha a Almofada: N\u00e3oCor Interna: BrancoAmbiente Principal: Quarto de Beb\u00eaPossui Rod\u00edzio: N\u00e3oPossui Nichos: N\u00e3oNecessita Montagem: SimEstilo: Cl\u00e1ssicoTipo de Dobradi\u00e7a\/Corredi\u00e7a da Porta: Met\u00e1licaLargura: 65,5 cmPossui Espelho: N\u00e3oTipo de Corredi\u00e7a da Gaveta: Met\u00e1lica Telesc\u00f3picaItens Inclusos: 1 C\u00f4moda, Kit de Ferragens e Manual de MontagemPeso M\u00e1ximo por Prateleira: 10 kgQuantidade de Gavetas: 03 GavetasAltura: 82,6 cmSuporta At\u00e9 (kg): 30 kgPeso: 20,7 kgPossui Gavetas: SimGarantia: 03 mesesPeso M\u00e1ximo por Gaveta: 4 kgProfundidade: 42,5 cmLinha ou Cole\u00e7\u00e3o: SmimPossui Trocador: N\u00e3oCor do Produto: Branco Brilho\/CarvalhoOrigem do Produto: NacionalGaveta com Chave: N\u00e3oSapatas Niveladoras: SimPossui P\u00e9s: N\u00e3oTipo de Puxador da Gaveta: ExternoEscala de Brilho da Gaveta: BrilhanteAcabamento da Gaveta: Pintura UVMaterial da Gaveta: MDFSistema de Montagem: Parafusos autoatarraxantes, conjuntos minifix, cavilhas de madeira, acess\u00f3rios pl\u00e1sticos e met\u00e1licosCor Predominante: BrancoPossui Prateleiras: N\u00e3oComplexidade da Montagem: M\u00e9dia: pode ser montado por mais de uma pessoa e\/ou necessite de maior conhecimento para montagemPossui Portas: N\u00e3oMaterial do Fundo: HDFMaterial Principal: MDFAcabamento: Pintura UVEscala de Brilho: Semi-BrilhoRecomenda\u00e7\u00f5es de Uso, Manuten\u00e7\u00e3o e Limpeza: Para limpeza utilize somente pano limpo e macio, ligeiramente umidecido em \u00e1gua (apenas o bastante para remover a poeira), seguido de um pano seco.<\/p>\n<h4>Aproveite e pesquise o pre\u00e7o deste produto em dezenas de lojas dos marketplaces abaixo:<\/h4>\n<p><a href=\"https:\/\/www.magazinevoce.com.br\/magazineezu\/busca\/C\u00f4moda Infantil 3 Gavetas em MDF Smim M\u00f3veis Peroba Branco Brilho\/Carvalho\/\" target=\"_blank\" rel=\"noopener\"><img decoding=\"async\" src=\"https:\/\/mvc.mlcdn.com.br\/ad\/2503_superofertas.png\" alt=\"Pesquise no Magazine eZu\" \/> &#8211; da Parceria MAGALU<\/a>.<\/p>\n<p>Ainda n\u00e3o encontrou a melhor op\u00e7\u00e3o de compra? Oferecemos mais uma possibilidade de <strong>busca<\/strong> mais ampla para <a href=\"https:\/\/ecompare.com.br\/lojas\/resultados-da-pesquisa\/?q=C\u00f4moda Infantil 3 Gavetas em MDF Smim M\u00f3veis Peroba Branco Brilho\/Carvalho#gsc.tab=0&amp;gsc.q=C\u00f4moda Infantil 3 Gavetas em MDF Smim M\u00f3veis Peroba Branco Brilho\/Carvalho&amp;gsc.page=1\" target=\"_blank\" rel=\"noopener\">C\u00f4moda Infantil 3 Gavetas em MDF Smim M\u00f3veis Peroba Branco Brilho\/Carvalho, clique e continue <strong>pesquisando&#8230;<\/strong><\/a><\/p>\n<hr \/>\n","protected":false},"excerpt":{"rendered":"<p>R$ 379.22 nas lojas <a href=\"https:\/\/www.awin1.com\/pclick.php?p=38605494433&#038;a=690303&#038;m=100453\" target=\"_blank\" rel=\"sponsored\">Casa Tema BR<\/a><\/p>\n","protected":false},"author":1,"featured_media":0,"comment_status":"closed","ping_status":"closed","sticky":false,"template":"","format":"standard","meta":{"footnotes":""},"categories":[2],"tags":[21],"class_list":["post-9927","post","type-post","status-publish","format-standard","hentry","category-produtos","tag-casa-tema-br"],"_links":{"self":[{"href":"https:\/\/jr1.com.br\/shopping\/wp-json\/wp\/v2\/posts\/9927","targetHints":{"allow":["GET"]}}],"collection":[{"href":"https:\/\/jr1.com.br\/shopping\/wp-json\/wp\/v2\/posts"}],"about":[{"href":"https:\/\/jr1.com.br\/shopping\/wp-json\/wp\/v2\/types\/post"}],"author":[{"embeddable":true,"href":"https:\/\/jr1.com.br\/shopping\/wp-json\/wp\/v2\/users\/1"}],"replies":[{"embeddable":true,"href":"https:\/\/jr1.com.br\/shopping\/wp-json\/wp\/v2\/comments?post=9927"}],"version-history":[{"count":0,"href":"https:\/\/jr1.com.br\/shopping\/wp-json\/wp\/v2\/posts\/9927\/revisions"}],"wp:attachment":[{"href":"https:\/\/jr1.com.br\/shopping\/wp-json\/wp\/v2\/media?parent=9927"}],"wp:term":[{"taxonomy":"category","embeddable":true,"href":"https:\/\/jr1.com.br\/shopping\/wp-json\/wp\/v2\/categories?post=9927"},{"taxonomy":"post_tag","embeddable":true,"href":"https:\/\/jr1.com.br\/shopping\/wp-json\/wp\/v2\/tags?post=9927"}],"curies":[{"name":"wp","href":"https:\/\/api.w.org\/{rel}","templated":true}]}}