{"id":9947,"date":"2025-08-30T20:23:55","date_gmt":"2025-08-30T20:23:55","guid":{"rendered":"https:\/\/jr1.com.br\/shopping\/2025\/08\/30\/quarto-de-bebe-irmaos-com-2-bercos-e-comoda-com-janela-100-mdf-uli-moveis-peroba-branco-brilho-carvalho-38605494441\/"},"modified":"2025-08-30T20:23:55","modified_gmt":"2025-08-30T20:23:55","slug":"quarto-de-bebe-irmaos-com-2-bercos-e-comoda-com-janela-100-mdf-uli-moveis-peroba-branco-brilho-carvalho-38605494441","status":"publish","type":"post","link":"https:\/\/jr1.com.br\/shopping\/2025\/08\/30\/quarto-de-bebe-irmaos-com-2-bercos-e-comoda-com-janela-100-mdf-uli-moveis-peroba-branco-brilho-carvalho-38605494441\/","title":{"rendered":"Quarto de Beb\u00ea Irm\u00e3os com 2 Ber\u00e7os e C\u00f4moda com Janela 100% MDF Uli M\u00f3veis Peroba Branco Brilho\/Carvalho &#8211; 38605494441"},"content":{"rendered":"<h2><\/h2>\n<h3>O pre\u00e7o de Quarto de Beb\u00ea Irm\u00e3os com 2 Ber\u00e7os e C\u00f4moda com Janela 100% MDF Uli M\u00f3veis Peroba Branco Brilho\/Carvalho no dia acima especificado era de <strong>R$ 1255.86<\/strong>.<\/h3>\n<p>Confira o pre\u00e7o atual aqui: <a href=\"https:\/\/www.casatema.com.br\/quarto-de-bebe-irmaos-com-2-bercos-e-comoda-com-janela-100--mdf-uli-moveis-peroba-branco-brilho-carvalho\/p?idsku=575583?utm_source=awin&#038;utm_medium=aff&#038;utm_campaign=690303&#038;utm_content=u1&#038;utm_term=&#038;sv1=affiliate&#038;sv_campaign_id=690303&#038;awc=64882_1747143695_604e9a136a087f3da65a6e07584fd7f3\" target=\"_blank\" rel=\"noopener sponsored\"><img decoding=\"async\" src=\"https:\/\/ui.awin.com\/images\/upload\/merchant\/profile\/100453.png\" alt=\"Quarto de Beb\u00ea Irm\u00e3os com 2 Ber\u00e7os e C\u00f4moda com Janela 100% MDF Uli M\u00f3veis Peroba Branco Brilho\/Carvalho\" \/> &#8211; nas lojas  Casa Tema BR<\/a><\/p>\n<p><img decoding=\"async\" src=\"https:\/\/casatema.vteximg.com.br\/arquivos\/ids\/891495_2\" alt=\"Quarto de Beb\u00ea Irm\u00e3os com 2 Ber\u00e7os e C\u00f4moda com Janela 100% MDF Uli M\u00f3veis Peroba Branco Brilho\/Carvalho\" \/><br \/>\nQuarto de Beb\u00ea Irm\u00e3os com 2 Ber\u00e7os e C\u00f4moda com Janela 100% MDF Uli M\u00f3veis Peroba Branco Brilho\/CarvalhoQuarto de Beb\u00ea Irm\u00e3os com 2 Ber\u00e7os e C\u00f4moda com Janela 100% MDF Uli M\u00f3veis Peroba Branco Brilho\/Carvalho. Quarto compartilhado para irm\u00e3os \u00e9 uma proposta compacta visando ajudar no dia a dia da nova fam\u00edlia. Os produtos s\u00e3o desenvolvido em 100% MDF e pintura UV at\u00f3xica. A c\u00f4moda possui porta com janela em PETG cristal, corredi\u00e7as e cabideiro met\u00e1lico. Tamb\u00e9m acompanha 2 modelos de rodap\u00e9s (1 reto e 1 torneado &#8211; usinado), para que voc\u00ea escolha qual utilizar no momento da montagem. Os ber\u00e7os possuem estrados m\u00f3veis com 3 regulagens de altura, 4 rod\u00edzios cada, sendo 2 com travas, grades fixa e claro, registro no INMETRO (001950\/2019). O colch\u00e3o indicado \u00e9 de 70 x 130 (largura x comprimento). Tudo para que voc\u00ea e sua fam\u00edlia tenham conforto e tranquilidade com a maior seguran\u00e7a. Medida dos produtos (cm): Ber\u00e7os (cada): 98,60 x 132,40 x 76 (AxLxP) C\u00f4moda: 88 x 95,30 x 42 (AxLxP)Caracter\u00edsticas:Cor: Branco Brilho\/CarvalhoMaterial Principal: MDFAmbiente Principal: Quarto de Beb\u00eaCor do Produto: Branco Brilho\/CarvalhoPermite a Utiliza\u00e7\u00e3o de Cama Auxiliar: N\u00e3oPintura At\u00f3xica: SimEstrado com Regulagem de Altura: SimAcompanha Colch\u00e3o: N\u00e3oSuporta At\u00e9 (kg): 40 kgCor Predominante: BrancoAmbiente: Quarto de Beb\u00eaGarantia: 03 meses<\/p>\n<h4>Aproveite e pesquise o pre\u00e7o deste produto em dezenas de lojas dos marketplaces abaixo:<\/h4>\n<p><a href=\"https:\/\/www.magazinevoce.com.br\/magazineezu\/busca\/Quarto de Beb\u00ea Irm\u00e3os com 2 Ber\u00e7os e C\u00f4moda com Janela 100% MDF Uli M\u00f3veis Peroba Branco Brilho\/Carvalho\/\" target=\"_blank\" rel=\"noopener\"><img decoding=\"async\" src=\"https:\/\/mvc.mlcdn.com.br\/ad\/2503_superofertas.png\" alt=\"Pesquise no Magazine eZu\" \/> &#8211; da Parceria MAGALU<\/a>.<\/p>\n<p>Ainda n\u00e3o encontrou a melhor op\u00e7\u00e3o de compra? Oferecemos mais uma possibilidade de <strong>busca<\/strong> mais ampla para <a href=\"https:\/\/ecompare.com.br\/lojas\/resultados-da-pesquisa\/?q=Quarto de Beb\u00ea Irm\u00e3os com 2 Ber\u00e7os e C\u00f4moda com Janela 100% MDF Uli M\u00f3veis Peroba Branco Brilho\/Carvalho#gsc.tab=0&amp;gsc.q=Quarto de Beb\u00ea Irm\u00e3os com 2 Ber\u00e7os e C\u00f4moda com Janela 100% MDF Uli M\u00f3veis Peroba Branco Brilho\/Carvalho&amp;gsc.page=1\" target=\"_blank\" rel=\"noopener\">Quarto de Beb\u00ea Irm\u00e3os com 2 Ber\u00e7os e C\u00f4moda com Janela 100% MDF Uli M\u00f3veis Peroba Branco Brilho\/Carvalho, clique e continue <strong>pesquisando&#8230;<\/strong><\/a><\/p>\n<hr \/>\n","protected":false},"excerpt":{"rendered":"<p>R$ 1255.86 nas lojas <a href=\"https:\/\/www.awin1.com\/pclick.php?p=38605494441&#038;a=690303&#038;m=100453\" target=\"_blank\" rel=\"sponsored\">Casa Tema BR<\/a><\/p>\n","protected":false},"author":1,"featured_media":0,"comment_status":"closed","ping_status":"closed","sticky":false,"template":"","format":"standard","meta":{"footnotes":""},"categories":[2],"tags":[21],"class_list":["post-9947","post","type-post","status-publish","format-standard","hentry","category-produtos","tag-casa-tema-br"],"_links":{"self":[{"href":"https:\/\/jr1.com.br\/shopping\/wp-json\/wp\/v2\/posts\/9947","targetHints":{"allow":["GET"]}}],"collection":[{"href":"https:\/\/jr1.com.br\/shopping\/wp-json\/wp\/v2\/posts"}],"about":[{"href":"https:\/\/jr1.com.br\/shopping\/wp-json\/wp\/v2\/types\/post"}],"author":[{"embeddable":true,"href":"https:\/\/jr1.com.br\/shopping\/wp-json\/wp\/v2\/users\/1"}],"replies":[{"embeddable":true,"href":"https:\/\/jr1.com.br\/shopping\/wp-json\/wp\/v2\/comments?post=9947"}],"version-history":[{"count":0,"href":"https:\/\/jr1.com.br\/shopping\/wp-json\/wp\/v2\/posts\/9947\/revisions"}],"wp:attachment":[{"href":"https:\/\/jr1.com.br\/shopping\/wp-json\/wp\/v2\/media?parent=9947"}],"wp:term":[{"taxonomy":"category","embeddable":true,"href":"https:\/\/jr1.com.br\/shopping\/wp-json\/wp\/v2\/categories?post=9947"},{"taxonomy":"post_tag","embeddable":true,"href":"https:\/\/jr1.com.br\/shopping\/wp-json\/wp\/v2\/tags?post=9947"}],"curies":[{"name":"wp","href":"https:\/\/api.w.org\/{rel}","templated":true}]}}